{"id":4418,"date":"2026-07-30T20:18:39","date_gmt":"2026-07-30T20:18:39","guid":{"rendered":"https:\/\/www.mitoalfaromeo.com\/notizie\/?p=4418"},"modified":"2026-08-30T20:19:18","modified_gmt":"2026-08-30T20:19:18","slug":"il-brand-alfa-romeo-su-scala-globale-ha-consolidato-la-crescita-nel-primo-semestre-2026","status":"publish","type":"post","link":"https:\/\/www.mitoalfaromeo.com\/notizie\/2026\/07\/30\/il-brand-alfa-romeo-su-scala-globale-ha-consolidato-la-crescita-nel-primo-semestre-2026\/","title":{"rendered":"Il brand Alfa Romeo su scala globale ha consolidato la crescita nel primo semestre 2026"},"content":{"rendered":"\n<ul class=\"wp-block-list\">\n<li><strong>Risultati commerciali in crescita in diversi Paesi: nel Regno Unito le vendite aumentano del 24%, in Giappone del 95%, con l\u2019intera area asiatica in progresso del 50%, mentre in Messico l\u2019arrivo di Junior spinge le immatricolazioni a +90%.<\/strong><br><\/li>\n\n\n\n<li><strong>Italia, Francia e Germania si riconfermano i primi tre mercati per Alfa Romeo, oggi presente in 70 Paesi nel mondo.<\/strong><br><\/li>\n\n\n\n<li><strong>La compatta sportiva Alfa Romeo Junior, commercializzata in 45 Paesi, \u00e8 il modello pi\u00f9 venduto della gamma, seguita da Tonale, Stelvio e Giulia, che contribuiscono all\u2019affermazione del Brand.<\/strong><br><\/li>\n\n\n\n<li><strong>Successo della few-off Giulia Quadrifoglio Luna Rossa \u2013 i dieci esemplari previsti sono stati venduti in tempo record \u2013 cos\u00ec come procede il piano di delivery programmato di 33 Stradale: nel corso del semestre sono state effettuate consegne in Europa e negli Stati Uniti.<\/strong><br><\/li>\n\n\n\n<li><strong>Un semestre intenso anche sul fronte delle attivit\u00e0 e degli eventi: dal debutto di BOTTEGAFUORISERIE a Parigi alle Olimpiadi di Milano Cortina 2026, dalla 44\u00b0 edizione della 1000 Miglia alle celebrazioni per i 75 anni di collaborazione con l\u2019Arma dei Carabinieri, dalla partecipazione alla spettacolare Preliminary Regatta Sardinia vinta da Luna Rossa alle celebrazoni per il 50\u00b0 anniversario del Museo Alfa Romeo ad Arese.<\/strong><\/li>\n<\/ul>\n\n\n\n<figure class=\"wp-block-image\"><a href=\"https:\/\/www.gruppopiccaautomobili.it\/xpeng-l03\/\"><img decoding=\"async\" src=\"https:\/\/www.guidoitaliano.it\/wp-content\/uploads\/2026\/07\/XPENG-3-SETTEMBRE-2026.png\" alt=\"\" class=\"wp-image-7500\"\/><\/a><\/figure>\n\n\n\n<p>Nel primo semestre del 2026 Alfa Romeo ha proseguito il percorso di rafforzamento internazionale del brand, sostenuta dal successo commerciale della nuova Junior, dall\u2019espansione in nuovi mercati e da un intenso programma di attivit\u00e0 che ha coinvolto clienti, appassionati e media in tutto il mondo.<\/p>\n\n\n\n<p>In un contesto di mercato particolarmente competitivo, il marchio ha registrato risultati positivi in diversi Paesi. In Europa, le vendite sono cresciute nel Regno Unito (+24%) e in Austria (+0,3%), mentre Italia, Francia e Germania si confermano i tre principali mercati del brand. Anche in Asia Alfa Romeo cresce del 50%, trainata dall\u2019eccezionale performance del Giappone, dove le immatricolazioni sono quasi raddoppiate (+95%). Positivo anche il contributo del Messico (+90%), mercato nel quale il debutto della Junior ha consentito al marchio di rafforzare la propria presenza commerciale e di conquistare nuovi clienti.<\/p>\n\n\n\n<p>Protagonista assoluta del semestre \u00e8 stata proprio Alfa Romeo Junior, oggi commercializzata in 45 Paesi e gi\u00e0 affermatasi come modello pi\u00f9 venduto del marchio. Disponibile con motorizzazioni ibride ed elettriche, registra un mix BEV del 16%, confermando la capacit\u00e0 del brand di intercettare le nuove esigenze della mobilit\u00e0 senza rinunciare alla propria identit\u00e0 sportiva. Inoltre, Junior continua la propria espansione internazionale con il debutto in nuovi mercati strategici come Messico, Singapore e Taiwan, contribuendo all\u2019ampliamento della presenza globale del marchio, che oggi conta 70 Paesi nel mondo.<\/p>\n\n\n\n<figure class=\"wp-block-gallery has-nested-images columns-default is-cropped wp-block-gallery-1 is-layout-flex wp-block-gallery-is-layout-flex\">\n<figure class=\"wp-block-image size-large\"><a href=\"https:\/\/www.mitoalfaromeo.com\/notizie\/wp-content\/uploads\/2026\/02\/ar-giulia-stelvio-qv-02.jpg\"><img loading=\"lazy\" decoding=\"async\" width=\"1024\" height=\"683\" data-id=\"4380\" src=\"https:\/\/www.mitoalfaromeo.com\/notizie\/wp-content\/uploads\/2026\/02\/ar-giulia-stelvio-qv-02-1024x683.jpg\" alt=\"\" class=\"wp-image-4380\" srcset=\"https:\/\/www.mitoalfaromeo.com\/notizie\/wp-content\/uploads\/2026\/02\/ar-giulia-stelvio-qv-02-1024x683.jpg 1024w, https:\/\/www.mitoalfaromeo.com\/notizie\/wp-content\/uploads\/2026\/02\/ar-giulia-stelvio-qv-02-300x200.jpg 300w, https:\/\/www.mitoalfaromeo.com\/notizie\/wp-content\/uploads\/2026\/02\/ar-giulia-stelvio-qv-02-768x512.jpg 768w, https:\/\/www.mitoalfaromeo.com\/notizie\/wp-content\/uploads\/2026\/02\/ar-giulia-stelvio-qv-02.jpg 1200w\" sizes=\"auto, (max-width: 1024px) 100vw, 1024px\" \/><\/a><\/figure>\n\n\n\n<figure class=\"wp-block-image size-large\"><a href=\"https:\/\/www.mitoalfaromeo.com\/notizie\/wp-content\/uploads\/2026\/02\/ar-giulia-stelvio-qv-01.webp\"><img loading=\"lazy\" decoding=\"async\" width=\"1024\" height=\"768\" data-id=\"4381\" src=\"https:\/\/www.mitoalfaromeo.com\/notizie\/wp-content\/uploads\/2026\/02\/ar-giulia-stelvio-qv-01-1024x768.webp\" alt=\"\" class=\"wp-image-4381\" srcset=\"https:\/\/www.mitoalfaromeo.com\/notizie\/wp-content\/uploads\/2026\/02\/ar-giulia-stelvio-qv-01-1024x768.webp 1024w, https:\/\/www.mitoalfaromeo.com\/notizie\/wp-content\/uploads\/2026\/02\/ar-giulia-stelvio-qv-01-300x225.webp 300w, https:\/\/www.mitoalfaromeo.com\/notizie\/wp-content\/uploads\/2026\/02\/ar-giulia-stelvio-qv-01-768x576.webp 768w, https:\/\/www.mitoalfaromeo.com\/notizie\/wp-content\/uploads\/2026\/02\/ar-giulia-stelvio-qv-01.webp 1200w\" sizes=\"auto, (max-width: 1024px) 100vw, 1024px\" \/><\/a><\/figure>\n<\/figure>\n\n\n\n<p><\/p>\n\n\n\n<p>Alle spalle di Junior si confermano&nbsp;<strong>Tonale, Stelvio e Giulia<\/strong>, pilastri fondamentali della gamma Alfa Romeo. In particolare, la nuova Tonale si distingue per un&#8217;offerta motoristica capace di rispondere a esigenze diverse nei principali mercati internazionali: la motorizzazione preferita \u00e8 il 1.5 Hybrid da 160 CV, seguita dal diesel 1.6 da 130 CV. Continua anche l\u2019apprezzamento delle versioni ad alte prestazioni: Giulia e Stelvio, che resteranno in vendita fino al 2027, registrano una quota di versioni Quadrifoglio \u2013 il top della gamma \u2013 che rappresenta circa il 7% del mix complessivo.<\/p>\n\n\n\n<p>Esaurita in tempi rapidi la vendita dei dieci esemplari esclusivi della Giulia Quadrifoglio Luna Rossa, cos\u00ec come sono gi\u00e0 state tutte vendute le 33 unit\u00e0 della Nuova 33 Stradale, le cui consegne ai rispettivi proprietari procede regolarmente in Europa e negli Stati Uniti, in linea con il programma di delivery predisposto. Entrambe le few off nascono sotto l\u2019egida di BOTTEGAFUORISERIE e incarnano l\u2019eccellenza di Alfa Romeo nel segmento delle vetture ad alte prestazioni con livelli assoluti di design, qualit\u00e0 e innovazione.&nbsp;<\/p>\n\n\n\n<p><\/p>\n\n\n\n<figure class=\"wp-block-image aligncenter size-full\"><a href=\"https:\/\/www.mitoalfaromeo.com\/notizie\/wp-content\/uploads\/2024\/10\/00_FICILI_ALFAROMEO.jpg\"><img loading=\"lazy\" decoding=\"async\" width=\"800\" height=\"445\" src=\"https:\/\/www.mitoalfaromeo.com\/notizie\/wp-content\/uploads\/2024\/10\/00_FICILI_ALFAROMEO.jpg\" alt=\"\" class=\"wp-image-4214\" srcset=\"https:\/\/www.mitoalfaromeo.com\/notizie\/wp-content\/uploads\/2024\/10\/00_FICILI_ALFAROMEO.jpg 800w, https:\/\/www.mitoalfaromeo.com\/notizie\/wp-content\/uploads\/2024\/10\/00_FICILI_ALFAROMEO-300x167.jpg 300w, https:\/\/www.mitoalfaromeo.com\/notizie\/wp-content\/uploads\/2024\/10\/00_FICILI_ALFAROMEO-768x427.jpg 768w\" sizes=\"auto, (max-width: 800px) 100vw, 800px\" \/><\/a><\/figure>\n\n\n\n<p><\/p>\n\n\n\n<p><em>\u201cIl primo semestre del 2026 conferma la forza del percorso intrapreso da Alfa Romeo &#8211;&nbsp;<\/em>ha dichiarato Santo Ficili, CEO di Alfa Romeo e Maserati -.&nbsp;<em>L\u2019affermazione della Junior, la crescita registrata in mercati chiave, il successo delle nostre serie speciali e l\u2019eccezionale interesse per la 33 Stradale e la Giulia Quadrifoglio Luna Rossa dimostrano la capacit\u00e0 del marchio di attrarre nuovi clienti restando fedele ai propri valori. Continuiamo a costruire il futuro del Brand facendo leva su ci\u00f2 che ci rende unici: design italiano, innovazione, sportivit\u00e0 e un legame autentico con la nostra community globale. Oltre ai risultati commerciali, per i quali ringrazio tutto il team Alfa Romeo, i nostri clienti e la nostra rete di vendita, il primo semestre \u00e8 stato caratterizzato da un\u2019intensa attivit\u00e0 di comunicazione ed engagement, a dimostrazione di come il marchio sia un autentico \u201clove brand\u201d in grado di superare i confini geografici, culturali e generazionali.\u201d<\/em><\/p>\n\n\n\n<p><strong><em>Un semestre di grandi appuntamenti internazionali tra sportivit\u00e0, passione e heritage<\/em><\/strong><br>Il 2026 del Biscione si \u00e8 aperto a gennaio con la partecipazione al Bruxelles Motor Show 2026, dove ha debuttato in anteprima mondiale l\u2019esclusiva Giulia Quadrifoglio Luna Rossa. Poche settimane dopo, questo esemplare \u00e8 stato al centro di un\u2019altra anteprima: all\u2019Ultimate Supercar Garage di Parigi, infatti,<strong>&nbsp;<\/strong>per la prima volta su un proprio stand ha fatto il suo esordio dal vivo BOTTEGAFUORISERIE, il nuovo progetto creativo che unisce le eccellenze di Alfa Romeo e Maserati. Inoltre, il Biscione \u00e8 stato protagonista del Salone dell\u2019Automobile di New York 2026, che si \u00e8 tenuto all\u2019inizio di aprile, riaffermando la sua presenza globale in uno degli eventi automotive pi\u00f9 longevi e all\u2019avanguardia.<\/p>\n\n\n\n<p>La sportivit\u00e0 \u00e8 un valore sempre attuale per Alfa Romeo. Tra le attivit\u00e0 del primo semestre, spicca l\u2019iniziativa realizzata a febbraio in qualit\u00e0 di Automotive Premium Partner delle Olimpiadi e Paralimpiadi Invernali di Milano Cortina 2026, il marchio ha accompagnato i Giochi con un\u2019iniziativa dedicata agli Alfisti, accolti al Museo Alfa Romeo e accompagnati alle sedi di gara in occasione della cerimonia di apertura e di alcuni eventi olimpici. A seguire, \u00e8 stata avviata l&#8217;Alfa Romeo Driving Academy, il progetto che rinnova la collaborazione tra Alfa Romeo e la Scuderia de Adamich, culminato di recente in un evento che ha coinvolto oltre 200 giornalisti provenienti da 15 mercati al volante dell\u2019intera gamma. A giugno \u00e8 stata la volta della leggendaria 1000 Miglia, dove Alfa Romeo \u00e8 stato, ancora una volta, il marchio vincente con l\u2019Alfa Romeo 6C 1750 Gran Sport del 1931 #61, che ha confermato la supremazia tecnica e sportiva del Biscione. All\u2019impresa ha partecipato anche una Alfa Romeo 1900 Super Sprint del 1956, proveniente dalla collezione di Heritage Hub Italy e abitualmente esposta al Museo Alfa Romeo di Arese. Inoltre, il Brand \u00e8 stato protagonista della Preliminary Regatta Sardinia, appuntamento inaugurale della Louis Vuitton 38\u00aa America\u2019s Cup disputato a maggio nel Golfo degli Angeli di Cagliari, dando il via al Road to Napoli 2027, il viaggio del motorhome Alfa Romeo che, attraverso l\u2019Italia e l\u2019Europa, accompagner\u00e0 gli appassionati fino all\u2019appuntamento pi\u00f9 atteso di Napoli. Infine, ai primi di luglio, in qualit\u00e0 di Official Automotive Partner, Alfa Romeo ha supportato la Foiling Week, l\u2019evento di riferimento per la comunit\u00e0 internazionale del foiling, confermando il legame strettissimo tra il brand automobilistico e il mondo della nautica ad alte prestazioni<strong>.<\/strong><\/p>\n\n\n\n<p>Numerose le iniziative dedicate all\u2019heritage, un patrimonio di 116 anni che Alfa Romeo continua a custodire e valorizzare, con il Museo di Arese al centro di molte delle attivit\u00e0 realizzate nel corso del semestre. Ad esempio, lo scorso maggio, ha ospitato la presentazione del libro \u201cCarabinieri e Alfa Romeo \u2013 al servizio del Paese\u201d e lo svelamento del logo commemorativo, che hanno aperto le celebrazioni per i 75 anni di collaborazione istituzionale con l\u2019Arma dei Carabinieri. Mentre il 21 giugno si \u00e8 svolta una giornata di emozioni e orgoglio che ha unito generazioni, culture e Paesi diversi sotto il segno di una passione autentica e un legame viscerale con il marchio del Biscione. A renderla speciale \u00e8 stata la celebrazione di due ricorrenze simboliche: i 116 anni di Alfa Romeo, nata a Milano nel 1910 e diventata un&#8217;icona globale dell&#8217;automobilismo, e i 50 anni del Museo che ne custodisce memoria, valori, esemplari iconici e imprese sportive. Inoltre, nel primo semestre del 2026, la community del Biscione ha celebrato i 150 anni dalla nascita del fondatore, Nicola Romeo, e i sessant\u2019anni dell\u2019iconica Spider \u201cDuetto\u201d, ancora oggi fra le pi\u00f9 amate dagli Alfisti di tutto il mondo.<\/p>\n\n\n\n<p><\/p>\n\n\n\n<p class=\"has-text-align-center\"><a href=\"https:\/\/whatsapp.com\/channel\/0029VaAzqgoDZ4LVldRakC40\">Iscriviti al Canale WApp di Guido Italiano &amp; MitoAlfa<\/a><\/p>\n\n\n\n<figure class=\"wp-block-image aligncenter\"><a href=\"https:\/\/whatsapp.com\/channel\/0029VaAzqgoDZ4LVldRakC40\"><img decoding=\"async\" src=\"https:\/\/www.guidoitaliano.it\/wp-content\/uploads\/2025\/10\/mitoalfa_guidoita_front_wapp.jpg\" alt=\"\" class=\"wp-image-7213\"\/><\/a><\/figure>\n","protected":false},"excerpt":{"rendered":"<p>Nel primo semestre del 2026 Alfa Romeo ha proseguito il percorso di rafforzamento internazionale del brand, sostenuta dal successo commerciale<\/p>\n","protected":false},"author":2,"featured_media":4419,"comment_status":"open","ping_status":"open","sticky":false,"template":"","format":"standard","meta":{"colormag_page_container_layout":"default_layout","colormag_page_sidebar_layout":"default_layout","footnotes":""},"categories":[4],"tags":[98,1866],"class_list":["post-4418","post","type-post","status-publish","format-standard","has-post-thumbnail","hentry","category-alfa-news","tag-alfa-romeo","tag-vendite-alfa-romeo-primo-semestre-2026"],"yoast_head":"<!-- This site is optimized with the Yoast SEO plugin v24.8.1 - https:\/\/yoast.com\/wordpress\/plugins\/seo\/ -->\n<title>Il brand Alfa Romeo su scala globale ha consolidato la crescita nel primo semestre 2026 - Mito Alfa Romeo.Com<\/title>\n<meta name=\"description\" content=\"Nel primo semestre del 2026 Alfa Romeo ha proseguito il percorso di rafforzamento internazionale del brand, sostenuta dal successo commerciale della nuova Junior, dall\u2019espansione in nuovi mercati e da un intenso programma di attivit\u00e0 che ha coinvolto clienti, appassionati e media in tutto il mondo.\" \/>\n<meta name=\"robots\" content=\"index, follow, max-snippet:-1, max-image-preview:large, max-video-preview:-1\" \/>\n<link rel=\"canonical\" href=\"https:\/\/www.mitoalfaromeo.com\/notizie\/2026\/07\/30\/il-brand-alfa-romeo-su-scala-globale-ha-consolidato-la-crescita-nel-primo-semestre-2026\/\" \/>\n<meta property=\"og:locale\" content=\"it_IT\" \/>\n<meta property=\"og:type\" content=\"article\" \/>\n<meta property=\"og:title\" content=\"Il brand Alfa Romeo su scala globale ha consolidato la crescita nel primo semestre 2026 - Mito Alfa Romeo.Com\" \/>\n<meta property=\"og:description\" content=\"Nel primo semestre del 2026 Alfa Romeo ha proseguito il percorso di rafforzamento internazionale del brand, sostenuta dal successo commerciale della nuova Junior, dall\u2019espansione in nuovi mercati e da un intenso programma di attivit\u00e0 che ha coinvolto clienti, appassionati e media in tutto il mondo.\" \/>\n<meta property=\"og:url\" content=\"https:\/\/www.mitoalfaromeo.com\/notizie\/2026\/07\/30\/il-brand-alfa-romeo-su-scala-globale-ha-consolidato-la-crescita-nel-primo-semestre-2026\/\" \/>\n<meta property=\"og:site_name\" content=\"Mito Alfa Romeo.Com\" \/>\n<meta property=\"article:author\" content=\"https:\/\/www.facebook.com\/guidoitalianoit\" \/>\n<meta property=\"article:published_time\" content=\"2026-07-30T20:18:39+00:00\" \/>\n<meta property=\"article:modified_time\" content=\"2026-08-30T20:19:18+00:00\" \/>\n<meta property=\"og:image\" content=\"https:\/\/www.mitoalfaromeo.com\/notizie\/wp-content\/uploads\/2026\/08\/gamma-ar-2026.jpeg\" \/>\n\t<meta property=\"og:image:width\" content=\"1200\" \/>\n\t<meta property=\"og:image:height\" content=\"740\" \/>\n\t<meta property=\"og:image:type\" content=\"image\/jpeg\" \/>\n<meta name=\"author\" content=\"Michele\" \/>\n<meta name=\"twitter:card\" content=\"summary_large_image\" \/>\n<meta name=\"twitter:label1\" content=\"Scritto da\" \/>\n\t<meta name=\"twitter:data1\" content=\"Michele\" \/>\n\t<meta name=\"twitter:label2\" content=\"Tempo di lettura stimato\" \/>\n\t<meta name=\"twitter:data2\" content=\"9 minuti\" \/>\n<script type=\"application\/ld+json\" class=\"yoast-schema-graph\">{\"@context\":\"https:\/\/schema.org\",\"@graph\":[{\"@type\":\"Article\",\"@id\":\"https:\/\/www.mitoalfaromeo.com\/notizie\/2026\/07\/30\/il-brand-alfa-romeo-su-scala-globale-ha-consolidato-la-crescita-nel-primo-semestre-2026\/#article\",\"isPartOf\":{\"@id\":\"https:\/\/www.mitoalfaromeo.com\/notizie\/2026\/07\/30\/il-brand-alfa-romeo-su-scala-globale-ha-consolidato-la-crescita-nel-primo-semestre-2026\/\"},\"author\":{\"name\":\"Michele\",\"@id\":\"https:\/\/www.mitoalfaromeo.com\/notizie\/#\/schema\/person\/3b00da104cd49f78dad55086a59fde32\"},\"headline\":\"Il brand Alfa Romeo su scala globale ha consolidato la crescita nel primo semestre 2026\",\"datePublished\":\"2026-07-30T20:18:39+00:00\",\"dateModified\":\"2026-08-30T20:19:18+00:00\",\"mainEntityOfPage\":{\"@id\":\"https:\/\/www.mitoalfaromeo.com\/notizie\/2026\/07\/30\/il-brand-alfa-romeo-su-scala-globale-ha-consolidato-la-crescita-nel-primo-semestre-2026\/\"},\"wordCount\":1328,\"commentCount\":0,\"publisher\":{\"@id\":\"https:\/\/www.mitoalfaromeo.com\/notizie\/#organization\"},\"image\":{\"@id\":\"https:\/\/www.mitoalfaromeo.com\/notizie\/2026\/07\/30\/il-brand-alfa-romeo-su-scala-globale-ha-consolidato-la-crescita-nel-primo-semestre-2026\/#primaryimage\"},\"thumbnailUrl\":\"https:\/\/www.mitoalfaromeo.com\/notizie\/wp-content\/uploads\/2026\/08\/gamma-ar-2026.jpeg\",\"keywords\":[\"alfa romeo\",\"vendite alfa romeo primo semestre 2026\"],\"articleSection\":[\"MitoAlfaRomeoNotizie\"],\"inLanguage\":\"it-IT\",\"potentialAction\":[{\"@type\":\"CommentAction\",\"name\":\"Comment\",\"target\":[\"https:\/\/www.mitoalfaromeo.com\/notizie\/2026\/07\/30\/il-brand-alfa-romeo-su-scala-globale-ha-consolidato-la-crescita-nel-primo-semestre-2026\/#respond\"]}]},{\"@type\":\"WebPage\",\"@id\":\"https:\/\/www.mitoalfaromeo.com\/notizie\/2026\/07\/30\/il-brand-alfa-romeo-su-scala-globale-ha-consolidato-la-crescita-nel-primo-semestre-2026\/\",\"url\":\"https:\/\/www.mitoalfaromeo.com\/notizie\/2026\/07\/30\/il-brand-alfa-romeo-su-scala-globale-ha-consolidato-la-crescita-nel-primo-semestre-2026\/\",\"name\":\"Il brand Alfa Romeo su scala globale ha consolidato la crescita nel primo semestre 2026 - Mito Alfa Romeo.Com\",\"isPartOf\":{\"@id\":\"https:\/\/www.mitoalfaromeo.com\/notizie\/#website\"},\"primaryImageOfPage\":{\"@id\":\"https:\/\/www.mitoalfaromeo.com\/notizie\/2026\/07\/30\/il-brand-alfa-romeo-su-scala-globale-ha-consolidato-la-crescita-nel-primo-semestre-2026\/#primaryimage\"},\"image\":{\"@id\":\"https:\/\/www.mitoalfaromeo.com\/notizie\/2026\/07\/30\/il-brand-alfa-romeo-su-scala-globale-ha-consolidato-la-crescita-nel-primo-semestre-2026\/#primaryimage\"},\"thumbnailUrl\":\"https:\/\/www.mitoalfaromeo.com\/notizie\/wp-content\/uploads\/2026\/08\/gamma-ar-2026.jpeg\",\"datePublished\":\"2026-07-30T20:18:39+00:00\",\"dateModified\":\"2026-08-30T20:19:18+00:00\",\"description\":\"Nel primo semestre del 2026 Alfa Romeo ha proseguito il percorso di rafforzamento internazionale del brand, sostenuta dal successo commerciale della nuova Junior, dall\u2019espansione in nuovi mercati e da un intenso programma di attivit\u00e0 che ha coinvolto clienti, appassionati e media in tutto il mondo.\",\"breadcrumb\":{\"@id\":\"https:\/\/www.mitoalfaromeo.com\/notizie\/2026\/07\/30\/il-brand-alfa-romeo-su-scala-globale-ha-consolidato-la-crescita-nel-primo-semestre-2026\/#breadcrumb\"},\"inLanguage\":\"it-IT\",\"potentialAction\":[{\"@type\":\"ReadAction\",\"target\":[\"https:\/\/www.mitoalfaromeo.com\/notizie\/2026\/07\/30\/il-brand-alfa-romeo-su-scala-globale-ha-consolidato-la-crescita-nel-primo-semestre-2026\/\"]}]},{\"@type\":\"ImageObject\",\"inLanguage\":\"it-IT\",\"@id\":\"https:\/\/www.mitoalfaromeo.com\/notizie\/2026\/07\/30\/il-brand-alfa-romeo-su-scala-globale-ha-consolidato-la-crescita-nel-primo-semestre-2026\/#primaryimage\",\"url\":\"https:\/\/www.mitoalfaromeo.com\/notizie\/wp-content\/uploads\/2026\/08\/gamma-ar-2026.jpeg\",\"contentUrl\":\"https:\/\/www.mitoalfaromeo.com\/notizie\/wp-content\/uploads\/2026\/08\/gamma-ar-2026.jpeg\",\"width\":1200,\"height\":740},{\"@type\":\"BreadcrumbList\",\"@id\":\"https:\/\/www.mitoalfaromeo.com\/notizie\/2026\/07\/30\/il-brand-alfa-romeo-su-scala-globale-ha-consolidato-la-crescita-nel-primo-semestre-2026\/#breadcrumb\",\"itemListElement\":[{\"@type\":\"ListItem\",\"position\":1,\"name\":\"Home\",\"item\":\"https:\/\/www.mitoalfaromeo.com\/notizie\/\"},{\"@type\":\"ListItem\",\"position\":2,\"name\":\"Il brand Alfa Romeo su scala globale ha consolidato la crescita nel primo semestre 2026\"}]},{\"@type\":\"WebSite\",\"@id\":\"https:\/\/www.mitoalfaromeo.com\/notizie\/#website\",\"url\":\"https:\/\/www.mitoalfaromeo.com\/notizie\/\",\"name\":\"Mito Alfa Romeo.Com\",\"description\":\"La Prima Web Community degli Alfisti ;-) On line dal 2000\",\"publisher\":{\"@id\":\"https:\/\/www.mitoalfaromeo.com\/notizie\/#organization\"},\"potentialAction\":[{\"@type\":\"SearchAction\",\"target\":{\"@type\":\"EntryPoint\",\"urlTemplate\":\"https:\/\/www.mitoalfaromeo.com\/notizie\/?s={search_term_string}\"},\"query-input\":{\"@type\":\"PropertyValueSpecification\",\"valueRequired\":true,\"valueName\":\"search_term_string\"}}],\"inLanguage\":\"it-IT\"},{\"@type\":\"Organization\",\"@id\":\"https:\/\/www.mitoalfaromeo.com\/notizie\/#organization\",\"name\":\"Mito Alfa Romeo.Com\",\"url\":\"https:\/\/www.mitoalfaromeo.com\/notizie\/\",\"logo\":{\"@type\":\"ImageObject\",\"inLanguage\":\"it-IT\",\"@id\":\"https:\/\/www.mitoalfaromeo.com\/notizie\/#\/schema\/logo\/image\/\",\"url\":\"https:\/\/www.mitoalfaromeo.com\/notizie\/wp-content\/uploads\/2015\/10\/mito-alfa-romeo.gif\",\"contentUrl\":\"https:\/\/www.mitoalfaromeo.com\/notizie\/wp-content\/uploads\/2015\/10\/mito-alfa-romeo.gif\",\"width\":300,\"height\":83,\"caption\":\"Mito Alfa Romeo.Com\"},\"image\":{\"@id\":\"https:\/\/www.mitoalfaromeo.com\/notizie\/#\/schema\/logo\/image\/\"}},{\"@type\":\"Person\",\"@id\":\"https:\/\/www.mitoalfaromeo.com\/notizie\/#\/schema\/person\/3b00da104cd49f78dad55086a59fde32\",\"name\":\"Michele\",\"image\":{\"@type\":\"ImageObject\",\"inLanguage\":\"it-IT\",\"@id\":\"https:\/\/www.mitoalfaromeo.com\/notizie\/#\/schema\/person\/image\/\",\"url\":\"https:\/\/secure.gravatar.com\/avatar\/e2f609295da59f5b09522c37d5ff0d8f?s=96&d=mm&r=g\",\"contentUrl\":\"https:\/\/secure.gravatar.com\/avatar\/e2f609295da59f5b09522c37d5ff0d8f?s=96&d=mm&r=g\",\"caption\":\"Michele\"},\"description\":\"Founder of MitoAlfaRomeo.Com Car Enthusiast &amp; Automotive Journalist\",\"sameAs\":[\"http:\/\/www.mitoalfaromeo.com\",\"https:\/\/www.facebook.com\/guidoitalianoit\",\"https:\/\/www.linkedin.com\/in\/michele-antonucci-702bb939\/\"],\"url\":\"https:\/\/www.mitoalfaromeo.com\/notizie\/author\/michele\/\"}]}<\/script>\n<!-- \/ Yoast SEO plugin. -->","yoast_head_json":{"title":"Il brand Alfa Romeo su scala globale ha consolidato la crescita nel primo semestre 2026 - Mito Alfa Romeo.Com","description":"Nel primo semestre del 2026 Alfa Romeo ha proseguito il percorso di rafforzamento internazionale del brand, sostenuta dal successo commerciale della nuova Junior, dall\u2019espansione in nuovi mercati e da un intenso programma di attivit\u00e0 che ha coinvolto clienti, appassionati e media in tutto il mondo.","robots":{"index":"index","follow":"follow","max-snippet":"max-snippet:-1","max-image-preview":"max-image-preview:large","max-video-preview":"max-video-preview:-1"},"canonical":"https:\/\/www.mitoalfaromeo.com\/notizie\/2026\/07\/30\/il-brand-alfa-romeo-su-scala-globale-ha-consolidato-la-crescita-nel-primo-semestre-2026\/","og_locale":"it_IT","og_type":"article","og_title":"Il brand Alfa Romeo su scala globale ha consolidato la crescita nel primo semestre 2026 - Mito Alfa Romeo.Com","og_description":"Nel primo semestre del 2026 Alfa Romeo ha proseguito il percorso di rafforzamento internazionale del brand, sostenuta dal successo commerciale della nuova Junior, dall\u2019espansione in nuovi mercati e da un intenso programma di attivit\u00e0 che ha coinvolto clienti, appassionati e media in tutto il mondo.","og_url":"https:\/\/www.mitoalfaromeo.com\/notizie\/2026\/07\/30\/il-brand-alfa-romeo-su-scala-globale-ha-consolidato-la-crescita-nel-primo-semestre-2026\/","og_site_name":"Mito Alfa Romeo.Com","article_author":"https:\/\/www.facebook.com\/guidoitalianoit","article_published_time":"2026-07-30T20:18:39+00:00","article_modified_time":"2026-08-30T20:19:18+00:00","og_image":[{"width":1200,"height":740,"url":"https:\/\/www.mitoalfaromeo.com\/notizie\/wp-content\/uploads\/2026\/08\/gamma-ar-2026.jpeg","type":"image\/jpeg"}],"author":"Michele","twitter_card":"summary_large_image","twitter_misc":{"Scritto da":"Michele","Tempo di lettura stimato":"9 minuti"},"schema":{"@context":"https:\/\/schema.org","@graph":[{"@type":"Article","@id":"https:\/\/www.mitoalfaromeo.com\/notizie\/2026\/07\/30\/il-brand-alfa-romeo-su-scala-globale-ha-consolidato-la-crescita-nel-primo-semestre-2026\/#article","isPartOf":{"@id":"https:\/\/www.mitoalfaromeo.com\/notizie\/2026\/07\/30\/il-brand-alfa-romeo-su-scala-globale-ha-consolidato-la-crescita-nel-primo-semestre-2026\/"},"author":{"name":"Michele","@id":"https:\/\/www.mitoalfaromeo.com\/notizie\/#\/schema\/person\/3b00da104cd49f78dad55086a59fde32"},"headline":"Il brand Alfa Romeo su scala globale ha consolidato la crescita nel primo semestre 2026","datePublished":"2026-07-30T20:18:39+00:00","dateModified":"2026-08-30T20:19:18+00:00","mainEntityOfPage":{"@id":"https:\/\/www.mitoalfaromeo.com\/notizie\/2026\/07\/30\/il-brand-alfa-romeo-su-scala-globale-ha-consolidato-la-crescita-nel-primo-semestre-2026\/"},"wordCount":1328,"commentCount":0,"publisher":{"@id":"https:\/\/www.mitoalfaromeo.com\/notizie\/#organization"},"image":{"@id":"https:\/\/www.mitoalfaromeo.com\/notizie\/2026\/07\/30\/il-brand-alfa-romeo-su-scala-globale-ha-consolidato-la-crescita-nel-primo-semestre-2026\/#primaryimage"},"thumbnailUrl":"https:\/\/www.mitoalfaromeo.com\/notizie\/wp-content\/uploads\/2026\/08\/gamma-ar-2026.jpeg","keywords":["alfa romeo","vendite alfa romeo primo semestre 2026"],"articleSection":["MitoAlfaRomeoNotizie"],"inLanguage":"it-IT","potentialAction":[{"@type":"CommentAction","name":"Comment","target":["https:\/\/www.mitoalfaromeo.com\/notizie\/2026\/07\/30\/il-brand-alfa-romeo-su-scala-globale-ha-consolidato-la-crescita-nel-primo-semestre-2026\/#respond"]}]},{"@type":"WebPage","@id":"https:\/\/www.mitoalfaromeo.com\/notizie\/2026\/07\/30\/il-brand-alfa-romeo-su-scala-globale-ha-consolidato-la-crescita-nel-primo-semestre-2026\/","url":"https:\/\/www.mitoalfaromeo.com\/notizie\/2026\/07\/30\/il-brand-alfa-romeo-su-scala-globale-ha-consolidato-la-crescita-nel-primo-semestre-2026\/","name":"Il brand Alfa Romeo su scala globale ha consolidato la crescita nel primo semestre 2026 - Mito Alfa Romeo.Com","isPartOf":{"@id":"https:\/\/www.mitoalfaromeo.com\/notizie\/#website"},"primaryImageOfPage":{"@id":"https:\/\/www.mitoalfaromeo.com\/notizie\/2026\/07\/30\/il-brand-alfa-romeo-su-scala-globale-ha-consolidato-la-crescita-nel-primo-semestre-2026\/#primaryimage"},"image":{"@id":"https:\/\/www.mitoalfaromeo.com\/notizie\/2026\/07\/30\/il-brand-alfa-romeo-su-scala-globale-ha-consolidato-la-crescita-nel-primo-semestre-2026\/#primaryimage"},"thumbnailUrl":"https:\/\/www.mitoalfaromeo.com\/notizie\/wp-content\/uploads\/2026\/08\/gamma-ar-2026.jpeg","datePublished":"2026-07-30T20:18:39+00:00","dateModified":"2026-08-30T20:19:18+00:00","description":"Nel primo semestre del 2026 Alfa Romeo ha proseguito il percorso di rafforzamento internazionale del brand, sostenuta dal successo commerciale della nuova Junior, dall\u2019espansione in nuovi mercati e da un intenso programma di attivit\u00e0 che ha coinvolto clienti, appassionati e media in tutto il mondo.","breadcrumb":{"@id":"https:\/\/www.mitoalfaromeo.com\/notizie\/2026\/07\/30\/il-brand-alfa-romeo-su-scala-globale-ha-consolidato-la-crescita-nel-primo-semestre-2026\/#breadcrumb"},"inLanguage":"it-IT","potentialAction":[{"@type":"ReadAction","target":["https:\/\/www.mitoalfaromeo.com\/notizie\/2026\/07\/30\/il-brand-alfa-romeo-su-scala-globale-ha-consolidato-la-crescita-nel-primo-semestre-2026\/"]}]},{"@type":"ImageObject","inLanguage":"it-IT","@id":"https:\/\/www.mitoalfaromeo.com\/notizie\/2026\/07\/30\/il-brand-alfa-romeo-su-scala-globale-ha-consolidato-la-crescita-nel-primo-semestre-2026\/#primaryimage","url":"https:\/\/www.mitoalfaromeo.com\/notizie\/wp-content\/uploads\/2026\/08\/gamma-ar-2026.jpeg","contentUrl":"https:\/\/www.mitoalfaromeo.com\/notizie\/wp-content\/uploads\/2026\/08\/gamma-ar-2026.jpeg","width":1200,"height":740},{"@type":"BreadcrumbList","@id":"https:\/\/www.mitoalfaromeo.com\/notizie\/2026\/07\/30\/il-brand-alfa-romeo-su-scala-globale-ha-consolidato-la-crescita-nel-primo-semestre-2026\/#breadcrumb","itemListElement":[{"@type":"ListItem","position":1,"name":"Home","item":"https:\/\/www.mitoalfaromeo.com\/notizie\/"},{"@type":"ListItem","position":2,"name":"Il brand Alfa Romeo su scala globale ha consolidato la crescita nel primo semestre 2026"}]},{"@type":"WebSite","@id":"https:\/\/www.mitoalfaromeo.com\/notizie\/#website","url":"https:\/\/www.mitoalfaromeo.com\/notizie\/","name":"Mito Alfa Romeo.Com","description":"La Prima Web Community degli Alfisti ;-) On line dal 2000","publisher":{"@id":"https:\/\/www.mitoalfaromeo.com\/notizie\/#organization"},"potentialAction":[{"@type":"SearchAction","target":{"@type":"EntryPoint","urlTemplate":"https:\/\/www.mitoalfaromeo.com\/notizie\/?s={search_term_string}"},"query-input":{"@type":"PropertyValueSpecification","valueRequired":true,"valueName":"search_term_string"}}],"inLanguage":"it-IT"},{"@type":"Organization","@id":"https:\/\/www.mitoalfaromeo.com\/notizie\/#organization","name":"Mito Alfa Romeo.Com","url":"https:\/\/www.mitoalfaromeo.com\/notizie\/","logo":{"@type":"ImageObject","inLanguage":"it-IT","@id":"https:\/\/www.mitoalfaromeo.com\/notizie\/#\/schema\/logo\/image\/","url":"https:\/\/www.mitoalfaromeo.com\/notizie\/wp-content\/uploads\/2015\/10\/mito-alfa-romeo.gif","contentUrl":"https:\/\/www.mitoalfaromeo.com\/notizie\/wp-content\/uploads\/2015\/10\/mito-alfa-romeo.gif","width":300,"height":83,"caption":"Mito Alfa Romeo.Com"},"image":{"@id":"https:\/\/www.mitoalfaromeo.com\/notizie\/#\/schema\/logo\/image\/"}},{"@type":"Person","@id":"https:\/\/www.mitoalfaromeo.com\/notizie\/#\/schema\/person\/3b00da104cd49f78dad55086a59fde32","name":"Michele","image":{"@type":"ImageObject","inLanguage":"it-IT","@id":"https:\/\/www.mitoalfaromeo.com\/notizie\/#\/schema\/person\/image\/","url":"https:\/\/secure.gravatar.com\/avatar\/e2f609295da59f5b09522c37d5ff0d8f?s=96&d=mm&r=g","contentUrl":"https:\/\/secure.gravatar.com\/avatar\/e2f609295da59f5b09522c37d5ff0d8f?s=96&d=mm&r=g","caption":"Michele"},"description":"Founder of MitoAlfaRomeo.Com Car Enthusiast &amp; Automotive Journalist","sameAs":["http:\/\/www.mitoalfaromeo.com","https:\/\/www.facebook.com\/guidoitalianoit","https:\/\/www.linkedin.com\/in\/michele-antonucci-702bb939\/"],"url":"https:\/\/www.mitoalfaromeo.com\/notizie\/author\/michele\/"}]}},"_links":{"self":[{"href":"https:\/\/www.mitoalfaromeo.com\/notizie\/wp-json\/wp\/v2\/posts\/4418","targetHints":{"allow":["GET"]}}],"collection":[{"href":"https:\/\/www.mitoalfaromeo.com\/notizie\/wp-json\/wp\/v2\/posts"}],"about":[{"href":"https:\/\/www.mitoalfaromeo.com\/notizie\/wp-json\/wp\/v2\/types\/post"}],"author":[{"embeddable":true,"href":"https:\/\/www.mitoalfaromeo.com\/notizie\/wp-json\/wp\/v2\/users\/2"}],"replies":[{"embeddable":true,"href":"https:\/\/www.mitoalfaromeo.com\/notizie\/wp-json\/wp\/v2\/comments?post=4418"}],"version-history":[{"count":0,"href":"https:\/\/www.mitoalfaromeo.com\/notizie\/wp-json\/wp\/v2\/posts\/4418\/revisions"}],"wp:featuredmedia":[{"embeddable":true,"href":"https:\/\/www.mitoalfaromeo.com\/notizie\/wp-json\/wp\/v2\/media\/4419"}],"wp:attachment":[{"href":"https:\/\/www.mitoalfaromeo.com\/notizie\/wp-json\/wp\/v2\/media?parent=4418"}],"wp:term":[{"taxonomy":"category","embeddable":true,"href":"https:\/\/www.mitoalfaromeo.com\/notizie\/wp-json\/wp\/v2\/categories?post=4418"},{"taxonomy":"post_tag","embeddable":true,"href":"https:\/\/www.mitoalfaromeo.com\/notizie\/wp-json\/wp\/v2\/tags?post=4418"}],"curies":[{"name":"wp","href":"https:\/\/api.w.org\/{rel}","templated":true}]}}